{"id":9127,"date":"2026-07-03T14:20:35","date_gmt":"2026-07-03T14:20:35","guid":{"rendered":"https:\/\/zspilica.pl\/?p=9127"},"modified":"2026-07-03T14:25:35","modified_gmt":"2026-07-03T14:25:35","slug":"zakonczenie-roku-szkolnego","status":"publish","type":"post","link":"https:\/\/zspilica.pl\/index.php\/2026\/07\/03\/zakonczenie-roku-szkolnego\/","title":{"rendered":"Zako\u0144czenie roku szkolnego"},"content":{"rendered":"<p>&nbsp;Uroczyste zako\u0144czenie roku szkolnego 2025\/2026!<\/p>\n<ol start=\"26\">\n<li>czerwca to czas podsumowa\u0144, gratulacji oraz podzi\u0119kowa\u0144 za wsp\u00f3lnie prze\u017cyty czas. Swoj\u0105 obecno\u015bci\u0105 zaszczycili nas zaproszeni go\u015bcie: st. chor. szt. pan Marcin Skowronek z Wojskowego Centrum Rekrutacji w B\u0119dzinie, radni Powiatu Zawiercia\u0144skiego &#8211; pan Wojciech Siejka i Szczepan Goncerz, ks. Andrzej Bia\u0142ek \u2013 proboszcz parafii pw. \u015bw. Jana Chrzciciela i \u015bw. Jana Ewangelisty w Pilicy oraz przewodnicz\u0105ca Rady Rodzic\u00f3w &#8211; pani Magdalena Mi\u015bta. Podczas uroczysto\u015bci Pani Dyrektor Renata Kowalczyk podsumowa\u0142a mijaj\u0105cy rok szkolny, a nast\u0119pnie uczniowie, kt\u00f3rzy osi\u0105gn\u0119li wysokie wyniki w nauce oraz aktywnie uczestniczyli w \u017cyciu szko\u0142y odebrali \u015bwiadectwa z wyr\u00f3\u017cnieniem, nagrody i dyplomy. Wyj\u0105tkowym punktem programu by\u0142a prezentacja pana prof. Dariusza Jaworskiego po\u015bwi\u0119cona 70-letniej historii naszego Liceum. Nie zabrak\u0142o tak\u017ce podzi\u0119kowa\u0144 w imieniu Samorz\u0105du Uczniowskiego oraz pi\u0119knego wyst\u0119pu muzycznego Mai Barczy\u0144skiej. Na zako\u0144czenie Samorz\u0105d Uczniowski wr\u0119czy\u0142 Dyrekcji, Nauczycielom, Pracownikom szko\u0142y oraz zaproszonym Go\u015bciom s\u0142odkie i zdrowe podzi\u0119kowanie &#8211; ananasy, kt\u00f3re doskonale wpisa\u0142y si\u0119 w letni\u0105 atmosfer\u0119 rozpoczynaj\u0105cych si\u0119 wakacji.<\/li>\n<\/ol>\n<p>Serdecznie gratulujemy wszystkim uczniom osi\u0105gni\u0119tych wynik\u00f3w i \u017cyczymy ca\u0142ej spo\u0142eczno\u015bci szkolnej bezpiecznych, s\u0142onecznych oraz pe\u0142nych rado\u015bci wakacji. Do zobaczenia we wrze\u015bniu!<\/p>\nngg_shortcode_0_placeholder\n","protected":false},"excerpt":{"rendered":"<p>&nbsp;Uroczyste zako\u0144czenie roku szkolnego 2025\/2026! czerwca to czas podsumowa\u0144, gratulacji oraz podzi\u0119kowa\u0144 za wsp\u00f3lnie prze\u017cyty czas. Swoj\u0105 obecno\u015bci\u0105 zaszczycili nas zaproszeni go\u015bcie: st. chor. szt. pan Marcin Skowronek z Wojskowego Centrum Rekrutacji w B\u0119dzinie, radni Powiatu Zawiercia\u0144skiego &#8211; pan Wojciech Siejka i Szczepan Goncerz, ks. Andrzej Bia\u0142ek \u2013 proboszcz parafii [&hellip;]<\/p>\n","protected":false},"author":3,"featured_media":9181,"comment_status":"closed","ping_status":"closed","sticky":false,"template":"","format":"standard","meta":{"ngg_post_thumbnail":0,"footnotes":""},"categories":[1],"tags":[],"class_list":["post-9127","post","type-post","status-publish","format-standard","has-post-thumbnail","hentry","category-uncategorized"],"_links":{"self":[{"href":"https:\/\/zspilica.pl\/index.php\/wp-json\/wp\/v2\/posts\/9127","targetHints":{"allow":["GET"]}}],"collection":[{"href":"https:\/\/zspilica.pl\/index.php\/wp-json\/wp\/v2\/posts"}],"about":[{"href":"https:\/\/zspilica.pl\/index.php\/wp-json\/wp\/v2\/types\/post"}],"author":[{"embeddable":true,"href":"https:\/\/zspilica.pl\/index.php\/wp-json\/wp\/v2\/users\/3"}],"replies":[{"embeddable":true,"href":"https:\/\/zspilica.pl\/index.php\/wp-json\/wp\/v2\/comments?post=9127"}],"version-history":[{"count":4,"href":"https:\/\/zspilica.pl\/index.php\/wp-json\/wp\/v2\/posts\/9127\/revisions"}],"predecessor-version":[{"id":9182,"href":"https:\/\/zspilica.pl\/index.php\/wp-json\/wp\/v2\/posts\/9127\/revisions\/9182"}],"wp:featuredmedia":[{"embeddable":true,"href":"https:\/\/zspilica.pl\/index.php\/wp-json\/wp\/v2\/media\/9181"}],"wp:attachment":[{"href":"https:\/\/zspilica.pl\/index.php\/wp-json\/wp\/v2\/media?parent=9127"}],"wp:term":[{"taxonomy":"category","embeddable":true,"href":"https:\/\/zspilica.pl\/index.php\/wp-json\/wp\/v2\/categories?post=9127"},{"taxonomy":"post_tag","embeddable":true,"href":"https:\/\/zspilica.pl\/index.php\/wp-json\/wp\/v2\/tags?post=9127"}],"curies":[{"name":"wp","href":"https:\/\/api.w.org\/{rel}","templated":true}]}}