{"id":9100,"date":"2026-07-02T09:32:57","date_gmt":"2026-07-02T09:32:57","guid":{"rendered":"https:\/\/zspilica.pl\/?p=9100"},"modified":"2026-07-02T09:36:37","modified_gmt":"2026-07-02T09:36:37","slug":"70-lat-liceum","status":"publish","type":"post","link":"https:\/\/zspilica.pl\/index.php\/2026\/07\/02\/70-lat-liceum\/","title":{"rendered":"70 lat Liceum"},"content":{"rendered":"<p>OBCHODY 70-LECIA ZA\u0141O\u017bENIA LICEUM OG\u00d3LNOKSZTA\u0141C\u0104CEGO IM. KR\u00d3LOWEJ EL\u017bBIETY Z PILCZY W PILICY<\/p>\n<p>&nbsp;&nbsp;&nbsp;&nbsp;&nbsp;&nbsp;&nbsp;&nbsp;&nbsp;&nbsp;&nbsp; Dnia 13 czerwca 2026 roku w Liceum Og\u00f3lnokszta\u0142c\u0105cym im. Kr\u00f3lowej El\u017cbiety z Pilczy w Pilicy odby\u0142y si\u0119 uroczyste obchody 70-lecia istnienia szko\u0142y. Jubileusz zgromadzi\u0142 licznych absolwent\u00f3w, emerytowanych i obecnych nauczycieli, uczni\u00f3w, pracownik\u00f3w szko\u0142y oraz przedstawicieli w\u0142adz samorz\u0105dowych i lokalnej spo\u0142eczno\u015bci. W\u015br\u00f3d przyby\u0142ych go\u015bci obecni byli:<\/p>\n<p>Pose\u0142 na Sejm Barbara Dolniak, Wicestarosta Powiatu Zawiercia\u0144skiego Maria Milejska, Przewodnicz\u0105cy Rady Powiatu Zawiercia\u0144skiego Jaros\u0142aw Kleszczewski i radni: Szczepan Goncerz, Pawe\u0142 Sok\u00f3\u0142 i Barbara Laskowska, Dorota Pytlik. WCR reprezentowa\u0142 pp\u0142k Tomasz Wilk, obecny r\u00f3wnie\u017c by\u0142 pp\u0142k Jacek \u0141ukasik, kt\u00f3ry ponad jedena\u015bcie lat sprawowa\u0142 opiek\u0119 wojskow\u0105 nad klasami mundurowymi. KPP w Zawierciu reprezentowa\u0142 zast\u0119pca komendanta podinsp.Pawe\u0142 Sobota. Nie zabrak\u0142o tak\u017ce dyrektor\u00f3w szk\u00f3\u0142 powiatowych i podstawowych.<\/p>\n<p>&nbsp;&nbsp;&nbsp;&nbsp;&nbsp;&nbsp;&nbsp;&nbsp;&nbsp;&nbsp;&nbsp; Uroczysto\u015b\u0107 poprzedzona by\u0142a Msz\u0105 \u015bwi\u0119t\u0105 w ko\u015bciele pw. \u015bw. Jana Chrzciciela i \u015bw. Jana Ewangelisty w Pilicy. Jubileusz rozpocz\u0105\u0142 si\u0119 od oficjalnego powitania go\u015bci przez Dyrektor szko\u0142y Renat\u0119 Kowalczyk. W swoim wyst\u0105pieniu Pani Dyrektor podkre\u015bli\u0142a znaczenie siedemdziesi\u0119cioletniej historii Liceum, jego rol\u0119 w kszta\u0142ceniu kolejnych pokole\u0144 m\u0142odzie\u017cy oraz wk\u0142ad nauczycieli i absolwent\u00f3w w budowanie dobrego imienia plac\u00f3wki. Szczeg\u00f3lne s\u0142owa uznania skierowano do os\u00f3b, kt\u00f3re przez lata wsp\u00f3\u0142tworzy\u0142y tradycj\u0119 szko\u0142y, przede wszystkim do obecnych na spotkaniu by\u0142ych dyrektor\u00f3w szko\u0142y.<\/p>\n<p>&nbsp;&nbsp;&nbsp;&nbsp;&nbsp;&nbsp;&nbsp;&nbsp;&nbsp;&nbsp;&nbsp; W dalszej cz\u0119\u015bci obchod\u00f3w w prezentacji zebranym zosta\u0142 przedstawiony rys historyczny liceum. Zaprezentowano najwa\u017cniejsze wydarzenia z dziej\u00f3w szko\u0142y, m.in. uroczysto\u015b\u0107 otwarcia nowego budynku &#8211; od 2006r. Liceum mie\u015bci si\u0119 przy ul. Zamkowej 7 czy uroczysto\u015b\u0107 nadania imienia liceum w 2010r. Zebrani us\u0142yszeli o osi\u0105gni\u0119ciach uczni\u00f3w i nauczycieli na przestrzeni lat oraz o zmianach, jakie zasz\u0142y w ci\u0105gu siedmiu dekad dzia\u0142alno\u015bci plac\u00f3wki. Wspomnienia dawnych lat zosta\u0142y wzbogacone prezentacj\u0105 archiwalnych fotografii i materia\u0142\u00f3w dokumentuj\u0105cych \u017cycie szko\u0142y.<\/p>\n<p>Podczas jubileuszu nie zabrak\u0142o r\u00f3wnie\u017c wyst\u0105pie\u0144 zaproszonych go\u015bci i absolwent\u00f3w, kt\u00f3rzy dzielili si\u0119 wspomnieniami zwi\u0105zanymi z latami nauki oraz podkre\u015blali znaczenie szko\u0142y w swoim \u017cyciu zawodowym i osobistym. Wielu uczestnik\u00f3w podkre\u015bla\u0142o wyj\u0105tkow\u0105 atmosfer\u0119 Liceum oraz warto\u015b\u0107 przyja\u017ani zawartych w jej murach. Wzruszaj\u0105cym akcentem by\u0142 film z pozdrowieniami i wspomnieniami od Pani Anny Kubiczek, jednej z pierwszych nauczycielek w liceum, a przes\u0142any zza oceanu, gdzie obecnie Pani Profesor mieszka. G\u0142os zabra\u0142a r\u00f3wnie\u017c wnuczka pierwszego dyrektora Stanis\u0142awa Borka- Pani Krystyna Wr\u00f3bel, kt\u00f3ra wspomnia\u0142a o \u017cyciu prywatnym i szkolnym dyrektora. Ogromne brawa otrzyma\u0142y od absolwent\u00f3w obecne na sali dyrektorki szko\u0142y, Panie: Anna D\u0105browska, Maria Danuta S\u0142odowa i Anna Wo\u017aniczko..<\/p>\n<p>&nbsp;&nbsp;&nbsp;&nbsp;&nbsp;&nbsp;&nbsp;&nbsp;&nbsp;&nbsp;&nbsp; Istotnym punktem programu by\u0142a cz\u0119\u015b\u0107 artystyczna przygotowana przez utalentowanych uczni\u00f3w i absolwent\u00f3w naszego liceum. Wyst\u0119py muzyczne i taneczne spotka\u0142y si\u0119 z \u017cyczliwym przyj\u0119ciem publiczno\u015bci oraz zosta\u0142y nagrodzone gromkimi brawami.<\/p>\n<p>&nbsp;&nbsp;&nbsp;&nbsp;&nbsp;&nbsp;&nbsp;&nbsp;&nbsp;&nbsp;&nbsp; Po zako\u0144czeniu cz\u0119\u015bci oficjalnej uczestnicy mieli okazj\u0119 zwiedzi\u0107 obecny budynek szko\u0142y, wr\u00f3ci\u0107 na chwil\u0119 do klas w budynku obecnej Szko\u0142y Podstawowej nr 1, gdzie mie\u015bci\u0142o si\u0119 wcze\u015bniej liceum, obejrze\u0107 przygotowane wystawy okoliczno\u015bciowe oraz spotka\u0107 si\u0119 z dawnymi kole\u017cankami i kolegami z lat szkolnych. Jubileusz sta\u0142 si\u0119 okazj\u0105 do wielu wzruszaj\u0105cych rozm\u00f3w, wspomnie\u0144 i odnowienia dawnych znajomo\u015bci.<\/p>\n<p>&nbsp;&nbsp;&nbsp;&nbsp;&nbsp;&nbsp;&nbsp;&nbsp;&nbsp;&nbsp;&nbsp; Obchody 70-lecia Liceum Og\u00f3lnokszta\u0142c\u0105cego im. Kr\u00f3lowej El\u017cbiety z Pilczy w Pilicy przebieg\u0142y w podnios\u0142ej, a jednocze\u015bnie serdecznej atmosferze. Uroczysto\u015b\u0107 by\u0142a wa\u017cnym wydarzeniem dla ca\u0142ej spo\u0142eczno\u015bci szkolnej i lokalnej, stanowi\u0105c okazj\u0119 do podsumowania bogatej historii szko\u0142y oraz wyra\u017cenia wdzi\u0119czno\u015bci wszystkim osobom, kt\u00f3re przyczyni\u0142y si\u0119 do jej rozwoju. Jubileusz na d\u0142ugo pozostanie w pami\u0119ci uczestnik\u00f3w jako \u015bwi\u0119to tradycji, edukacji i mi\u0119dzypokoleniowej wsp\u00f3lnoty.<\/p>\n<p style=\"text-align: center;\"><a href=\"https:\/\/photos.app.goo.gl\/SwjWmbeM4FiJynHEA\"><img loading=\"lazy\" decoding=\"async\" class=\"alignnone wp-image-8848\" src=\"https:\/\/zspilica.pl\/wp-content\/uploads\/2026\/03\/Liceum-Ogolnoksztalcace-im.-Krolowej-Elzbiety-z-Pilczy-w-Pilicy-1024x1024.png\" alt=\"\" width=\"318\" height=\"318\" srcset=\"https:\/\/zspilica.pl\/wp-content\/uploads\/2026\/03\/Liceum-Ogolnoksztalcace-im.-Krolowej-Elzbiety-z-Pilczy-w-Pilicy-1024x1024.png 1024w, https:\/\/zspilica.pl\/wp-content\/uploads\/2026\/03\/Liceum-Ogolnoksztalcace-im.-Krolowej-Elzbiety-z-Pilczy-w-Pilicy-300x300.png 300w, https:\/\/zspilica.pl\/wp-content\/uploads\/2026\/03\/Liceum-Ogolnoksztalcace-im.-Krolowej-Elzbiety-z-Pilczy-w-Pilicy-150x150.png 150w, https:\/\/zspilica.pl\/wp-content\/uploads\/2026\/03\/Liceum-Ogolnoksztalcace-im.-Krolowej-Elzbiety-z-Pilczy-w-Pilicy-768x768.png 768w, https:\/\/zspilica.pl\/wp-content\/uploads\/2026\/03\/Liceum-Ogolnoksztalcace-im.-Krolowej-Elzbiety-z-Pilczy-w-Pilicy-1536x1536.png 1536w, https:\/\/zspilica.pl\/wp-content\/uploads\/2026\/03\/Liceum-Ogolnoksztalcace-im.-Krolowej-Elzbiety-z-Pilczy-w-Pilicy-90x90.png 90w, https:\/\/zspilica.pl\/wp-content\/uploads\/2026\/03\/Liceum-Ogolnoksztalcace-im.-Krolowej-Elzbiety-z-Pilczy-w-Pilicy-670x670.png 670w, https:\/\/zspilica.pl\/wp-content\/uploads\/2026\/03\/Liceum-Ogolnoksztalcace-im.-Krolowej-Elzbiety-z-Pilczy-w-Pilicy.png 2000w\" sizes=\"auto, (max-width: 318px) 100vw, 318px\" \/><\/a><\/p>\n","protected":false},"excerpt":{"rendered":"<p>OBCHODY 70-LECIA ZA\u0141O\u017bENIA LICEUM OG\u00d3LNOKSZTA\u0141C\u0104CEGO IM. KR\u00d3LOWEJ EL\u017bBIETY Z PILCZY W PILICY &nbsp;&nbsp;&nbsp;&nbsp;&nbsp;&nbsp;&nbsp;&nbsp;&nbsp;&nbsp;&nbsp; Dnia 13 czerwca 2026 roku w Liceum Og\u00f3lnokszta\u0142c\u0105cym im. Kr\u00f3lowej El\u017cbiety z Pilczy w Pilicy odby\u0142y si\u0119 uroczyste obchody 70-lecia istnienia szko\u0142y. Jubileusz zgromadzi\u0142 licznych absolwent\u00f3w, emerytowanych i obecnych nauczycieli, uczni\u00f3w, pracownik\u00f3w szko\u0142y oraz przedstawicieli w\u0142adz samorz\u0105dowych [&hellip;]<\/p>\n","protected":false},"author":3,"featured_media":9099,"comment_status":"closed","ping_status":"closed","sticky":false,"template":"","format":"standard","meta":{"ngg_post_thumbnail":0,"footnotes":""},"categories":[1],"tags":[],"class_list":["post-9100","post","type-post","status-publish","format-standard","has-post-thumbnail","hentry","category-uncategorized"],"_links":{"self":[{"href":"https:\/\/zspilica.pl\/index.php\/wp-json\/wp\/v2\/posts\/9100","targetHints":{"allow":["GET"]}}],"collection":[{"href":"https:\/\/zspilica.pl\/index.php\/wp-json\/wp\/v2\/posts"}],"about":[{"href":"https:\/\/zspilica.pl\/index.php\/wp-json\/wp\/v2\/types\/post"}],"author":[{"embeddable":true,"href":"https:\/\/zspilica.pl\/index.php\/wp-json\/wp\/v2\/users\/3"}],"replies":[{"embeddable":true,"href":"https:\/\/zspilica.pl\/index.php\/wp-json\/wp\/v2\/comments?post=9100"}],"version-history":[{"count":3,"href":"https:\/\/zspilica.pl\/index.php\/wp-json\/wp\/v2\/posts\/9100\/revisions"}],"predecessor-version":[{"id":9102,"href":"https:\/\/zspilica.pl\/index.php\/wp-json\/wp\/v2\/posts\/9100\/revisions\/9102"}],"wp:featuredmedia":[{"embeddable":true,"href":"https:\/\/zspilica.pl\/index.php\/wp-json\/wp\/v2\/media\/9099"}],"wp:attachment":[{"href":"https:\/\/zspilica.pl\/index.php\/wp-json\/wp\/v2\/media?parent=9100"}],"wp:term":[{"taxonomy":"category","embeddable":true,"href":"https:\/\/zspilica.pl\/index.php\/wp-json\/wp\/v2\/categories?post=9100"},{"taxonomy":"post_tag","embeddable":true,"href":"https:\/\/zspilica.pl\/index.php\/wp-json\/wp\/v2\/tags?post=9100"}],"curies":[{"name":"wp","href":"https:\/\/api.w.org\/{rel}","templated":true}]}}