{"id":9029,"date":"2026-05-12T07:25:24","date_gmt":"2026-05-12T07:25:24","guid":{"rendered":"https:\/\/zspilica.pl\/?p=9029"},"modified":"2026-05-12T07:37:49","modified_gmt":"2026-05-12T07:37:49","slug":"dzien-otwarty-w-liceum","status":"publish","type":"post","link":"https:\/\/zspilica.pl\/index.php\/2026\/05\/12\/dzien-otwarty-w-liceum\/","title":{"rendered":"Dzie\u0144 Otwarty w Liceum"},"content":{"rendered":"<p>Dzie\u0144 Otwarty w Liceum Og\u00f3lnokszta\u0142c\u0105cym im. Kr\u00f3lowej El\u017cbiety z Pilczy w Pilicy 15 kwietnia 2026 r. w naszym liceum odby\u0142 si\u0119 Dzie\u0144 Otwarty, podczas kt\u00f3rego uczniowie klas \u00f3smych mieli okazj\u0119 pozna\u0107 szko\u0142\u0119 z bliska. Wydarzenie przyci\u0105gn\u0119\u0142o wielu zainteresowanych, a w ca\u0142ej szkole panowa\u0142a \u017cyczliwa i inspiruj\u0105ca atmosfera. Go\u015bcili\u015bmy uczni\u00f3w i nauczycieli ze Szk\u00f3\u0142 Podstawowych z Kroczyc, Prade\u0142, Ogrodzie\u0144ca, Ryczowa, Dzwono-Sierbowic, Zawiercia, \u017barnowca, Wierbki i oczywi\u015bcie Pilicy. Spotkanie rozpocz\u0119\u0142o si\u0119 prezentacj\u0105 multimedialn\u0105, w kt\u00f3rej przedstawiono kierunki kszta\u0142cenia, propozycje zaj\u0119\u0107 oraz sukcesy m\u0142odzie\u017cy. Wyst\u0119py artystyczne \u2013 \u015bpiew, taniec towarzyski i skecz kabaretowy \u2013 spotka\u0142y si\u0119 z bardzo ciep\u0142ym przyj\u0119ciem publiczno\u015bci. Du\u017ce wra\u017cenie zrobi\u0142 tak\u017ce pokaz uczni\u00f3w klas mundurowych, kt\u00f3rzy zaprezentowali musztr\u0119 i elementy czarnej taktyki. Podczas wydarzenia rozegrano r\u00f3wnie\u017c I Turniej Strzelecki dla uczni\u00f3w klas VIII o Puchar Starosty Zawiercia\u0144skiego- pani Teresy Muchy- Popiel. Po zaci\u0119tej rywalizacji zwyci\u0119\u017cyli uczniowie z Ogrodzie\u0144ca, drugie miejsce zaj\u0119li reprezentanci z Prade\u0142, a trzecie \u2013 dru\u017cyna z Kroczyc. Pani Starosta osobi\u015bcie wr\u0119czy\u0142a nagrody. Go\u015bcie mogli odwiedzi\u0107 pracowni\u0119 biologiczn\u0105, gdzie prezentowano do\u015bwiadczenia na sercu i p\u0142ucach, a tak\u017ce punkty s\u0142u\u017cb mundurowych \u2013 Stra\u017cy Po\u017carnej -OSP w Pilicy, KPP w Zawierciu oraz WCR w B\u0119dzinie, przy kt\u00f3rych mo\u017cna by\u0142o uzyska\u0107 informacje, czym si\u0119 zajmuj\u0105 s\u0142u\u017cby i zobaczy\u0107 specjalistyczny sprz\u0119t. Dodatkow\u0105 atrakcj\u0105 by\u0142 pokaz tradycyjnej walki. Na zako\u0144czenie uczestnicy mieli okazj\u0119 porozmawia\u0107 z uczniami i nauczycielami oraz skorzysta\u0107 z przygotowanego pocz\u0119stunku.<\/p>\nngg_shortcode_0_placeholder\n","protected":false},"excerpt":{"rendered":"<p>Dzie\u0144 Otwarty w Liceum Og\u00f3lnokszta\u0142c\u0105cym im. Kr\u00f3lowej El\u017cbiety z Pilczy w Pilicy 15 kwietnia 2026 r. w naszym liceum odby\u0142 si\u0119 Dzie\u0144 Otwarty, podczas kt\u00f3rego uczniowie klas \u00f3smych mieli okazj\u0119 pozna\u0107 szko\u0142\u0119 z bliska. Wydarzenie przyci\u0105gn\u0119\u0142o wielu zainteresowanych, a w ca\u0142ej szkole panowa\u0142a \u017cyczliwa i inspiruj\u0105ca atmosfera. Go\u015bcili\u015bmy uczni\u00f3w i [&hellip;]<\/p>\n","protected":false},"author":3,"featured_media":9069,"comment_status":"closed","ping_status":"closed","sticky":false,"template":"","format":"standard","meta":{"ngg_post_thumbnail":0,"footnotes":""},"categories":[1],"tags":[],"class_list":["post-9029","post","type-post","status-publish","format-standard","has-post-thumbnail","hentry","category-uncategorized"],"_links":{"self":[{"href":"https:\/\/zspilica.pl\/index.php\/wp-json\/wp\/v2\/posts\/9029","targetHints":{"allow":["GET"]}}],"collection":[{"href":"https:\/\/zspilica.pl\/index.php\/wp-json\/wp\/v2\/posts"}],"about":[{"href":"https:\/\/zspilica.pl\/index.php\/wp-json\/wp\/v2\/types\/post"}],"author":[{"embeddable":true,"href":"https:\/\/zspilica.pl\/index.php\/wp-json\/wp\/v2\/users\/3"}],"replies":[{"embeddable":true,"href":"https:\/\/zspilica.pl\/index.php\/wp-json\/wp\/v2\/comments?post=9029"}],"version-history":[{"count":3,"href":"https:\/\/zspilica.pl\/index.php\/wp-json\/wp\/v2\/posts\/9029\/revisions"}],"predecessor-version":[{"id":9067,"href":"https:\/\/zspilica.pl\/index.php\/wp-json\/wp\/v2\/posts\/9029\/revisions\/9067"}],"wp:featuredmedia":[{"embeddable":true,"href":"https:\/\/zspilica.pl\/index.php\/wp-json\/wp\/v2\/media\/9069"}],"wp:attachment":[{"href":"https:\/\/zspilica.pl\/index.php\/wp-json\/wp\/v2\/media?parent=9029"}],"wp:term":[{"taxonomy":"category","embeddable":true,"href":"https:\/\/zspilica.pl\/index.php\/wp-json\/wp\/v2\/categories?post=9029"},{"taxonomy":"post_tag","embeddable":true,"href":"https:\/\/zspilica.pl\/index.php\/wp-json\/wp\/v2\/tags?post=9029"}],"curies":[{"name":"wp","href":"https:\/\/api.w.org\/{rel}","templated":true}]}}