{"id":8907,"date":"2026-04-14T06:14:38","date_gmt":"2026-04-14T06:14:38","guid":{"rendered":"https:\/\/zspilica.pl\/?p=8907"},"modified":"2026-04-14T06:15:59","modified_gmt":"2026-04-14T06:15:59","slug":"swiatowy-dzien-swiadomosci-autyzmu","status":"publish","type":"post","link":"https:\/\/zspilica.pl\/index.php\/2026\/04\/14\/swiatowy-dzien-swiadomosci-autyzmu\/","title":{"rendered":"\u015awiatowy Dzie\u0144 \u015awiadomo\u015bci Autyzmu"},"content":{"rendered":"<div data-olk-copy-source=\"MessageBody\">\ud83e\udde9&nbsp;\u015awiatowy Dzie\u0144 \u015awiadomo\u015bci Autyzmu \u2013 2 kwietnia<\/div>\n<div>\ud83d\udcc5 2 kwietnia obchodzimy \u015awiatowy Dzie\u0144 \u015awiadomo\u015bci Autyzmu, ustanowiony przez Organizacj\u0119 Narod\u00f3w Zjednoczonych. To dzie\u0144, kt\u00f3ry przypomina nam, jak wa\u017cne s\u0105 wiedza, zrozumienie i akceptacja wobec os\u00f3b w spektrum autyzmu.<\/div>\n<div>Autyzm nie jest chorob\u0105, lecz odmiennym sposobem postrzegania \u015bwiata i przetwarzania informacji. Osoby w spektrum r\u00f3\u017cni\u0105 si\u0119 mi\u0119dzy sob\u0105 \u2013 w sposobie komunikacji, zachowaniu czy wra\u017cliwo\u015bci na bod\u017ace.&nbsp;<\/div>\n<div>\u267e\ufe0f Warto pami\u0119ta\u0107, \u017ce neuroatypowo\u015b\u0107 obejmuje tak\u017ce inne sposoby funkcjonowania, takie jak ADHD. Osoby z ADHD mog\u0105 inaczej koncentrowa\u0107 uwag\u0119, reagowa\u0107 na bod\u017ace czy organizowa\u0107 swoje dzia\u0142ania, ale r\u00f3wnie\u017c posiadaj\u0105 wiele mocnych stron, takich jak kreatywno\u015b\u0107, energia i nieszablonowe my\u015blenie.<\/div>\n<div>Ka\u017cda osoba ma swoje mocne strony, pasje i potencja\u0142. Warto je dostrzega\u0107 i wspiera\u0107.<\/div>\n<div>Coraz cz\u0119\u015bciej odchodzi si\u0119 od symbolu koloru niebieskiego na rzecz kolorowego znaku niesko\u0144czono\u015bci, kt\u00f3ry podkre\u015bla r\u00f3\u017cnorodno\u015b\u0107 i neuror\u00f3\u017cnorodno\u015b\u0107.<\/div>\n<div>\ud83e\udd1d Budujmy wsp\u00f3lnie \u015brodowisko oparte na empatii, otwarto\u015bci i wzajemnym szacunku. \ud83e\udd1d<\/div>\n<div>\ud83d\udd17Polecane strony i materia\u0142y:<\/div>\n<div>Fundacja Prodeste&nbsp;<a id=\"OWA97e641d4-b7fc-ee4b-c6e8-cf2b8d080816\" title=\"https:\/\/prodeste.pl\/dzialania\/autyzm\/\" href=\"https:\/\/prodeste.pl\/dzialania\/autyzm\/\" data-auth=\"NotApplicable\" data-linkindex=\"0\">https:\/\/prodeste.pl\/dzialania\/autyzm\/<\/a><\/div>\n<div>Fundacja Jim&nbsp;<a id=\"OWAa685b263-4197-cc41-4dc1-87e806be0877\" title=\"https:\/\/jim.org\/misja-i-wartosci\/\" href=\"https:\/\/jim.org\/misja-i-wartosci\/\" data-auth=\"NotApplicable\" data-linkindex=\"1\"><u>https:\/\/jim.org\/misja-i-wartosci\/<\/u><\/a>&nbsp;&nbsp;<\/div>\n<div><a id=\"OWAa3c5d3d2-8236-8b9d-9441-fc99c94a62ca\" title=\"https:\/\/www.autyzmpoludzku.pl\/2023\/09\/01\/podcasty\/\" href=\"https:\/\/www.autyzmpoludzku.pl\/2023\/09\/01\/podcasty\/\" data-auth=\"NotApplicable\" data-linkindex=\"2\"><u>https:\/\/www.autyzmpoludzku.pl\/2023\/09\/01\/podcasty\/<\/u><\/a>&nbsp;&nbsp;<\/div>\n<div><a id=\"OWA8ae46d4d-6c8b-dc94-a0ea-4bc265a8b9d0\" title=\"https:\/\/www.youtube.com\/watch?v=n4v3TpHvUrE\" href=\"https:\/\/www.youtube.com\/watch?v=n4v3TpHvUrE\" data-auth=\"NotApplicable\" data-linkindex=\"3\"><u>https:\/\/www.youtube.com\/watch?v=n4v3TpHvUrE<\/u><\/a>&nbsp;<\/div>\n<div><a id=\"OWA05831c1c-f811-dafc-06c2-8923fd8b11fe\" title=\"https:\/\/www.autyzmpoludzku.pl\/2024\/02\/09\/seriale-z-autyzmem-w-tle\/\" href=\"https:\/\/www.autyzmpoludzku.pl\/2024\/02\/09\/seriale-z-autyzmem-w-tle\/\" data-auth=\"NotApplicable\" data-linkindex=\"4\"><u>https:\/\/www.autyzmpoludzku.pl\/2024\/02\/09\/seriale-z-autyzmem-w-tle\/<\/u><\/a>&nbsp;<\/div>\n<div><a id=\"OWA962fb2c1-89a2-cb73-2d5c-5bdf6c837129\" title=\"https:\/\/www.autyzmpoludzku.pl\/2024\/04\/17\/kobiety-w-spektrum-rozmowy\/\" href=\"https:\/\/www.autyzmpoludzku.pl\/2024\/04\/17\/kobiety-w-spektrum-rozmowy\/\" data-auth=\"NotApplicable\" data-linkindex=\"5\"><u>https:\/\/www.autyzmpoludzku.pl\/2024\/04\/17\/kobiety-w-spektrum-rozmowy\/<\/u><\/a><\/div>\n<div><a id=\"OWAc43e7698-671d-100c-6f93-9e7f74b36012\" title=\"https:\/\/polskiautyzm.pl\/artykuly\/\" href=\"https:\/\/polskiautyzm.pl\/artykuly\/\" data-auth=\"NotApplicable\" data-linkindex=\"6\"><u>https:\/\/polskiautyzm.pl\/artykuly\/<\/u><\/a>&nbsp;<\/div>\n","protected":false},"excerpt":{"rendered":"<p>\ud83e\udde9&nbsp;\u015awiatowy Dzie\u0144 \u015awiadomo\u015bci Autyzmu \u2013 2 kwietnia \ud83d\udcc5 2 kwietnia obchodzimy \u015awiatowy Dzie\u0144 \u015awiadomo\u015bci Autyzmu, ustanowiony przez Organizacj\u0119 Narod\u00f3w Zjednoczonych. To dzie\u0144, kt\u00f3ry przypomina nam, jak wa\u017cne s\u0105 wiedza, zrozumienie i akceptacja wobec os\u00f3b w spektrum autyzmu. Autyzm nie jest chorob\u0105, lecz odmiennym sposobem postrzegania \u015bwiata i przetwarzania informacji. Osoby [&hellip;]<\/p>\n","protected":false},"author":3,"featured_media":8909,"comment_status":"closed","ping_status":"closed","sticky":false,"template":"","format":"standard","meta":{"ngg_post_thumbnail":0,"footnotes":""},"categories":[1],"tags":[],"class_list":["post-8907","post","type-post","status-publish","format-standard","has-post-thumbnail","hentry","category-uncategorized"],"_links":{"self":[{"href":"https:\/\/zspilica.pl\/index.php\/wp-json\/wp\/v2\/posts\/8907","targetHints":{"allow":["GET"]}}],"collection":[{"href":"https:\/\/zspilica.pl\/index.php\/wp-json\/wp\/v2\/posts"}],"about":[{"href":"https:\/\/zspilica.pl\/index.php\/wp-json\/wp\/v2\/types\/post"}],"author":[{"embeddable":true,"href":"https:\/\/zspilica.pl\/index.php\/wp-json\/wp\/v2\/users\/3"}],"replies":[{"embeddable":true,"href":"https:\/\/zspilica.pl\/index.php\/wp-json\/wp\/v2\/comments?post=8907"}],"version-history":[{"count":1,"href":"https:\/\/zspilica.pl\/index.php\/wp-json\/wp\/v2\/posts\/8907\/revisions"}],"predecessor-version":[{"id":8908,"href":"https:\/\/zspilica.pl\/index.php\/wp-json\/wp\/v2\/posts\/8907\/revisions\/8908"}],"wp:featuredmedia":[{"embeddable":true,"href":"https:\/\/zspilica.pl\/index.php\/wp-json\/wp\/v2\/media\/8909"}],"wp:attachment":[{"href":"https:\/\/zspilica.pl\/index.php\/wp-json\/wp\/v2\/media?parent=8907"}],"wp:term":[{"taxonomy":"category","embeddable":true,"href":"https:\/\/zspilica.pl\/index.php\/wp-json\/wp\/v2\/categories?post=8907"},{"taxonomy":"post_tag","embeddable":true,"href":"https:\/\/zspilica.pl\/index.php\/wp-json\/wp\/v2\/tags?post=8907"}],"curies":[{"name":"wp","href":"https:\/\/api.w.org\/{rel}","templated":true}]}}