{"id":8502,"date":"2026-03-10T08:33:43","date_gmt":"2026-03-10T08:33:43","guid":{"rendered":"https:\/\/zspilica.pl\/?p=8502"},"modified":"2026-03-10T08:40:33","modified_gmt":"2026-03-10T08:40:33","slug":"profilaktyka-ma-moc","status":"publish","type":"post","link":"https:\/\/zspilica.pl\/index.php\/2026\/03\/10\/profilaktyka-ma-moc\/","title":{"rendered":"PROFILAKTYKA MA MOC!"},"content":{"rendered":"<p>W naszym Liceum odby\u0142o si\u0119 wyj\u0105tkowe wydarzenie profilaktyczne zrealizowane we wsp\u00f3\u0142pracy z Powiatow\u0105 Stacj\u0105 Sanitarno-Epidemiologiczn\u0105 w Zawierciu. By\u0142o to spotkanie pe\u0142ne wa\u017cnych rozm\u00f3w, refleksji i kobiecej solidarno\u015bci.&nbsp;<\/p>\n<p>Tematem przewodnim by\u0142a profilaktyka raka piersi \u2013 troska o zdrowie, regularne badania i prze\u0142amywanie strachu przed diagnoz\u0105.<\/p>\n<p>Go\u015bciem specjalnym by\u0142a Pani Iza (pracownik Miejskiego O\u015brodka Pomocy Spo\u0142ecznej w Zawierciu), kt\u00f3ra sama pokona\u0142a chorob\u0119 nowotworow\u0105. Jej poruszaj\u0105ca historia pokaza\u0142a, jak wa\u017cna jest czujno\u015b\u0107 i szybka reakcja.&nbsp;<\/p>\n<p>W wydarzeniu uczestniczy\u0142y nasze wspania\u0142e emerytki, przedstawicielki KGW Pilica, Ko\u0142o Pszczelarzy w Pilicy. Dzi\u0119kujemy za obecno\u015b\u0107 i wsp\u00f3lne budowanie \u015bwiadomo\u015bci.&nbsp;<\/p>\n<p>&nbsp;Z okazji Dnia Kobiet sk\u0142adamy wszystkim Paniom najserdeczniejsze \u017cyczenia zdrowia, rado\u015bci i wielu pi\u0119knych chwil ka\u017cdego dnia!<\/p>\n<p>Dbajmy o siebie. Badajmy si\u0119.&nbsp;<\/p>\n<p># Powiatowa Stacja Sanitarno-Epidemiologiczna w Zawierciu<\/p>\n<p># Miejski O\u015brodek Pomocy Spo\u0142ecznej w Zawierciu<\/p>\nngg_shortcode_0_placeholder\n","protected":false},"excerpt":{"rendered":"<p>W naszym Liceum odby\u0142o si\u0119 wyj\u0105tkowe wydarzenie profilaktyczne zrealizowane we wsp\u00f3\u0142pracy z Powiatow\u0105 Stacj\u0105 Sanitarno-Epidemiologiczn\u0105 w Zawierciu. By\u0142o to spotkanie pe\u0142ne wa\u017cnych rozm\u00f3w, refleksji i kobiecej solidarno\u015bci.&nbsp; Tematem przewodnim by\u0142a profilaktyka raka piersi \u2013 troska o zdrowie, regularne badania i prze\u0142amywanie strachu przed diagnoz\u0105. Go\u015bciem specjalnym by\u0142a Pani Iza (pracownik [&hellip;]<\/p>\n","protected":false},"author":3,"featured_media":8516,"comment_status":"closed","ping_status":"closed","sticky":false,"template":"","format":"standard","meta":{"ngg_post_thumbnail":0,"footnotes":""},"categories":[1],"tags":[],"class_list":["post-8502","post","type-post","status-publish","format-standard","has-post-thumbnail","hentry","category-uncategorized"],"_links":{"self":[{"href":"https:\/\/zspilica.pl\/index.php\/wp-json\/wp\/v2\/posts\/8502","targetHints":{"allow":["GET"]}}],"collection":[{"href":"https:\/\/zspilica.pl\/index.php\/wp-json\/wp\/v2\/posts"}],"about":[{"href":"https:\/\/zspilica.pl\/index.php\/wp-json\/wp\/v2\/types\/post"}],"author":[{"embeddable":true,"href":"https:\/\/zspilica.pl\/index.php\/wp-json\/wp\/v2\/users\/3"}],"replies":[{"embeddable":true,"href":"https:\/\/zspilica.pl\/index.php\/wp-json\/wp\/v2\/comments?post=8502"}],"version-history":[{"count":7,"href":"https:\/\/zspilica.pl\/index.php\/wp-json\/wp\/v2\/posts\/8502\/revisions"}],"predecessor-version":[{"id":8550,"href":"https:\/\/zspilica.pl\/index.php\/wp-json\/wp\/v2\/posts\/8502\/revisions\/8550"}],"wp:featuredmedia":[{"embeddable":true,"href":"https:\/\/zspilica.pl\/index.php\/wp-json\/wp\/v2\/media\/8516"}],"wp:attachment":[{"href":"https:\/\/zspilica.pl\/index.php\/wp-json\/wp\/v2\/media?parent=8502"}],"wp:term":[{"taxonomy":"category","embeddable":true,"href":"https:\/\/zspilica.pl\/index.php\/wp-json\/wp\/v2\/categories?post=8502"},{"taxonomy":"post_tag","embeddable":true,"href":"https:\/\/zspilica.pl\/index.php\/wp-json\/wp\/v2\/tags?post=8502"}],"curies":[{"name":"wp","href":"https:\/\/api.w.org\/{rel}","templated":true}]}}